{"id":652,"date":"2013-09-18T11:56:59","date_gmt":"2013-09-18T11:56:59","guid":{"rendered":"https:\/\/urrueger.com\/?p=652"},"modified":"2020-01-15T13:38:55","modified_gmt":"2020-01-15T13:38:55","slug":"schwarz-elegie","status":"publish","type":"post","link":"https:\/\/urrueger.com\/?p=652","title":{"rendered":"Schwarz: Elegie"},"content":{"rendered":"<p><strong>Schwarz, Isaak (1923-2009)<br \/>\n<\/strong><\/p>\n<p>Elegie aus dem Film &#8222;Der Postmeister&#8220; (UdSSR 1973)<br \/>\nf\u00fcr Streichquartett \/\/ f\u00fcr zwei Violoncelli und Orgel<\/p>\n<p><strong>Besetzung: <\/strong>Zwei Violinen, Viola, Violoncello<br \/>\n<strong>Ausgabe:\u00a0<\/strong>Partitur, V 1, V 2, Va, Vc<br \/>\n<strong>Arrangeur:\u00a0<\/strong>Ulrich R\u00fcger \/\/ Burkhard R\u00fcger<br \/>\n<strong>Datum:\u00a0<\/strong>Mittwoch, 18.09.2013<\/p>\n","protected":false},"excerpt":{"rendered":"<p>Schwarz, Isaak (1923-2009)<br \/>\nElegie aus dem Film &#8222;Der Postmeister&#8220; (UdSSR 1973)<br \/>\nf\u00fcr Streichquartett oder<br \/>\nzwei Violoncelli und Orgel<\/p>\n","protected":false},"author":1,"featured_media":654,"comment_status":"closed","ping_status":"open","sticky":false,"template":"","format":"standard","meta":{"footnotes":""},"categories":[172,1,15,13,44,55,81,22,23,21,14,125],"tags":[83,84,82,95],"class_list":["post-652","post","type-post","status-publish","format-standard","has-post-thumbnail","hentry","category-arrangements","category-besetzungen","category-ensemble","category-instrumental","category-komponisten","category-noten","category-schwarz-i","category-streichquartett","category-viola","category-violine","category-violoncello","category-zwei-violoncelli-und-orgel","tag-20-jh","tag-filmmusik","tag-schwarz","tag-tangente-quattro-edition"],"yoast_head":"<!-- This site is optimized with the Yoast SEO plugin v27.1.1 - https:\/\/yoast.com\/product\/yoast-seo-wordpress\/ -->\n<title>Schwarz: Elegie - Ulrich R. R\u00fcger \u00b7 Dresden<\/title>\n<meta name=\"robots\" content=\"index, follow, max-snippet:-1, max-image-preview:large, max-video-preview:-1\" \/>\n<link rel=\"canonical\" href=\"https:\/\/urrueger.com\/?p=652\" \/>\n<meta property=\"og:locale\" content=\"de_DE\" \/>\n<meta property=\"og:type\" content=\"article\" \/>\n<meta property=\"og:title\" content=\"Schwarz: Elegie - Ulrich R. R\u00fcger \u00b7 Dresden\" \/>\n<meta property=\"og:description\" content=\"Schwarz, Isaak (1923-2009) Elegie aus dem Film &quot;Der Postmeister&quot; (UdSSR 1973) f\u00fcr Streichquartett oder zwei Violoncelli und Orgel\" \/>\n<meta property=\"og:url\" content=\"https:\/\/urrueger.com\/?p=652\" \/>\n<meta property=\"og:site_name\" content=\"Ulrich R. R\u00fcger \u00b7 Dresden\" \/>\n<meta property=\"article:published_time\" content=\"2013-09-18T11:56:59+00:00\" \/>\n<meta property=\"article:modified_time\" content=\"2020-01-15T13:38:55+00:00\" \/>\n<meta property=\"og:image\" content=\"https:\/\/urrueger.com\/wp-content\/uploads\/2013\/09\/20_Schwarz-Cover_SQ.jpg\" \/>\n\t<meta property=\"og:image:width\" content=\"1200\" \/>\n\t<meta property=\"og:image:height\" content=\"1697\" \/>\n\t<meta property=\"og:image:type\" content=\"image\/jpeg\" \/>\n<meta name=\"author\" content=\"Ulrich R\u00fcger\" \/>\n<meta name=\"twitter:card\" content=\"summary_large_image\" \/>\n<meta name=\"twitter:label1\" content=\"Verfasst von\" \/>\n\t<meta name=\"twitter:data1\" content=\"Ulrich R\u00fcger\" \/>\n<script type=\"application\/ld+json\" class=\"yoast-schema-graph\">{\"@context\":\"https:\/\/schema.org\",\"@graph\":[{\"@type\":\"Article\",\"@id\":\"https:\/\/urrueger.com\/?p=652#article\",\"isPartOf\":{\"@id\":\"https:\/\/urrueger.com\/?p=652\"},\"author\":{\"name\":\"Ulrich R\u00fcger\",\"@id\":\"https:\/\/urrueger.com\/#\/schema\/person\/7a07aa2c9c491f066367aff730f6b5d6\"},\"headline\":\"Schwarz: Elegie\",\"datePublished\":\"2013-09-18T11:56:59+00:00\",\"dateModified\":\"2020-01-15T13:38:55+00:00\",\"mainEntityOfPage\":{\"@id\":\"https:\/\/urrueger.com\/?p=652\"},\"wordCount\":41,\"image\":{\"@id\":\"https:\/\/urrueger.com\/?p=652#primaryimage\"},\"thumbnailUrl\":\"https:\/\/urrueger.com\/wp-content\/uploads\/2013\/09\/20_Schwarz-Cover_SQ.jpg\",\"keywords\":[\"20. Jh\",\"Filmmusik\",\"Schwarz\",\"Tangente Quattro Edition\"],\"articleSection\":[\"Arrangements\",\"Besetzungen\",\"Ensemble\",\"Instrumental\",\"Komponisten\",\"Noten\",\"Schwarz, I.\",\"Streichquartett\",\"Viola\",\"Violine\",\"Violoncello\",\"Zwei Violoncelli und Orgel\"],\"inLanguage\":\"de\"},{\"@type\":\"WebPage\",\"@id\":\"https:\/\/urrueger.com\/?p=652\",\"url\":\"https:\/\/urrueger.com\/?p=652\",\"name\":\"Schwarz: Elegie - Ulrich R. R\u00fcger \u00b7 Dresden\",\"isPartOf\":{\"@id\":\"https:\/\/urrueger.com\/#website\"},\"primaryImageOfPage\":{\"@id\":\"https:\/\/urrueger.com\/?p=652#primaryimage\"},\"image\":{\"@id\":\"https:\/\/urrueger.com\/?p=652#primaryimage\"},\"thumbnailUrl\":\"https:\/\/urrueger.com\/wp-content\/uploads\/2013\/09\/20_Schwarz-Cover_SQ.jpg\",\"datePublished\":\"2013-09-18T11:56:59+00:00\",\"dateModified\":\"2020-01-15T13:38:55+00:00\",\"author\":{\"@id\":\"https:\/\/urrueger.com\/#\/schema\/person\/7a07aa2c9c491f066367aff730f6b5d6\"},\"breadcrumb\":{\"@id\":\"https:\/\/urrueger.com\/?p=652#breadcrumb\"},\"inLanguage\":\"de\",\"potentialAction\":[{\"@type\":\"ReadAction\",\"target\":[\"https:\/\/urrueger.com\/?p=652\"]}]},{\"@type\":\"ImageObject\",\"inLanguage\":\"de\",\"@id\":\"https:\/\/urrueger.com\/?p=652#primaryimage\",\"url\":\"https:\/\/urrueger.com\/wp-content\/uploads\/2013\/09\/20_Schwarz-Cover_SQ.jpg\",\"contentUrl\":\"https:\/\/urrueger.com\/wp-content\/uploads\/2013\/09\/20_Schwarz-Cover_SQ.jpg\",\"width\":1200,\"height\":1697,\"caption\":\"Schwarz-Elegie\"},{\"@type\":\"BreadcrumbList\",\"@id\":\"https:\/\/urrueger.com\/?p=652#breadcrumb\",\"itemListElement\":[{\"@type\":\"ListItem\",\"position\":1,\"name\":\"Home\",\"item\":\"https:\/\/urrueger.com\/\"},{\"@type\":\"ListItem\",\"position\":2,\"name\":\"Schwarz: Elegie\"}]},{\"@type\":\"WebSite\",\"@id\":\"https:\/\/urrueger.com\/#website\",\"url\":\"https:\/\/urrueger.com\/\",\"name\":\"Ulrich R. R\u00fcger \u00b7 Dresden\",\"description\":\"Noten \u00b7 Urtexte, Erstausgaben und Arrangements\",\"potentialAction\":[{\"@type\":\"SearchAction\",\"target\":{\"@type\":\"EntryPoint\",\"urlTemplate\":\"https:\/\/urrueger.com\/?s={search_term_string}\"},\"query-input\":{\"@type\":\"PropertyValueSpecification\",\"valueRequired\":true,\"valueName\":\"search_term_string\"}}],\"inLanguage\":\"de\"},{\"@type\":\"Person\",\"@id\":\"https:\/\/urrueger.com\/#\/schema\/person\/7a07aa2c9c491f066367aff730f6b5d6\",\"name\":\"Ulrich R\u00fcger\",\"description\":\"Lebe in Dresden und bin als Cellist, Arrangeur und Herausgeber t\u00e4tig. In verschiedenen Besetzungen spiele ich Cello. Vor allem im Dresdner Streichquartett Tangente Quattro, im Duo Serpeddi (Klavier &amp; Cello), sowie im Tecchler Duo und im Karalis Cello Quartett. Mit Musikedition und dem Arrangieren besch\u00e4ftige ich mich \u00fcber 20 Jahre. Die meisten Editionen entstanden f\u00fcr Konzertprojekte eigener Ensemble oder im Auftrag f\u00fcr Konzerte oder CD-Produktionen.\",\"url\":\"https:\/\/urrueger.com\/?author=1\"}]}<\/script>\n<!-- \/ Yoast SEO plugin. -->","yoast_head_json":{"title":"Schwarz: Elegie - Ulrich R. R\u00fcger \u00b7 Dresden","robots":{"index":"index","follow":"follow","max-snippet":"max-snippet:-1","max-image-preview":"max-image-preview:large","max-video-preview":"max-video-preview:-1"},"canonical":"https:\/\/urrueger.com\/?p=652","og_locale":"de_DE","og_type":"article","og_title":"Schwarz: Elegie - Ulrich R. R\u00fcger \u00b7 Dresden","og_description":"Schwarz, Isaak (1923-2009) Elegie aus dem Film \"Der Postmeister\" (UdSSR 1973) f\u00fcr Streichquartett oder zwei Violoncelli und Orgel","og_url":"https:\/\/urrueger.com\/?p=652","og_site_name":"Ulrich R. R\u00fcger \u00b7 Dresden","article_published_time":"2013-09-18T11:56:59+00:00","article_modified_time":"2020-01-15T13:38:55+00:00","og_image":[{"width":1200,"height":1697,"url":"https:\/\/urrueger.com\/wp-content\/uploads\/2013\/09\/20_Schwarz-Cover_SQ.jpg","type":"image\/jpeg"}],"author":"Ulrich R\u00fcger","twitter_card":"summary_large_image","twitter_misc":{"Verfasst von":"Ulrich R\u00fcger"},"schema":{"@context":"https:\/\/schema.org","@graph":[{"@type":"Article","@id":"https:\/\/urrueger.com\/?p=652#article","isPartOf":{"@id":"https:\/\/urrueger.com\/?p=652"},"author":{"name":"Ulrich R\u00fcger","@id":"https:\/\/urrueger.com\/#\/schema\/person\/7a07aa2c9c491f066367aff730f6b5d6"},"headline":"Schwarz: Elegie","datePublished":"2013-09-18T11:56:59+00:00","dateModified":"2020-01-15T13:38:55+00:00","mainEntityOfPage":{"@id":"https:\/\/urrueger.com\/?p=652"},"wordCount":41,"image":{"@id":"https:\/\/urrueger.com\/?p=652#primaryimage"},"thumbnailUrl":"https:\/\/urrueger.com\/wp-content\/uploads\/2013\/09\/20_Schwarz-Cover_SQ.jpg","keywords":["20. Jh","Filmmusik","Schwarz","Tangente Quattro Edition"],"articleSection":["Arrangements","Besetzungen","Ensemble","Instrumental","Komponisten","Noten","Schwarz, I.","Streichquartett","Viola","Violine","Violoncello","Zwei Violoncelli und Orgel"],"inLanguage":"de"},{"@type":"WebPage","@id":"https:\/\/urrueger.com\/?p=652","url":"https:\/\/urrueger.com\/?p=652","name":"Schwarz: Elegie - Ulrich R. R\u00fcger \u00b7 Dresden","isPartOf":{"@id":"https:\/\/urrueger.com\/#website"},"primaryImageOfPage":{"@id":"https:\/\/urrueger.com\/?p=652#primaryimage"},"image":{"@id":"https:\/\/urrueger.com\/?p=652#primaryimage"},"thumbnailUrl":"https:\/\/urrueger.com\/wp-content\/uploads\/2013\/09\/20_Schwarz-Cover_SQ.jpg","datePublished":"2013-09-18T11:56:59+00:00","dateModified":"2020-01-15T13:38:55+00:00","author":{"@id":"https:\/\/urrueger.com\/#\/schema\/person\/7a07aa2c9c491f066367aff730f6b5d6"},"breadcrumb":{"@id":"https:\/\/urrueger.com\/?p=652#breadcrumb"},"inLanguage":"de","potentialAction":[{"@type":"ReadAction","target":["https:\/\/urrueger.com\/?p=652"]}]},{"@type":"ImageObject","inLanguage":"de","@id":"https:\/\/urrueger.com\/?p=652#primaryimage","url":"https:\/\/urrueger.com\/wp-content\/uploads\/2013\/09\/20_Schwarz-Cover_SQ.jpg","contentUrl":"https:\/\/urrueger.com\/wp-content\/uploads\/2013\/09\/20_Schwarz-Cover_SQ.jpg","width":1200,"height":1697,"caption":"Schwarz-Elegie"},{"@type":"BreadcrumbList","@id":"https:\/\/urrueger.com\/?p=652#breadcrumb","itemListElement":[{"@type":"ListItem","position":1,"name":"Home","item":"https:\/\/urrueger.com\/"},{"@type":"ListItem","position":2,"name":"Schwarz: Elegie"}]},{"@type":"WebSite","@id":"https:\/\/urrueger.com\/#website","url":"https:\/\/urrueger.com\/","name":"Ulrich R. R\u00fcger \u00b7 Dresden","description":"Noten \u00b7 Urtexte, Erstausgaben und Arrangements","potentialAction":[{"@type":"SearchAction","target":{"@type":"EntryPoint","urlTemplate":"https:\/\/urrueger.com\/?s={search_term_string}"},"query-input":{"@type":"PropertyValueSpecification","valueRequired":true,"valueName":"search_term_string"}}],"inLanguage":"de"},{"@type":"Person","@id":"https:\/\/urrueger.com\/#\/schema\/person\/7a07aa2c9c491f066367aff730f6b5d6","name":"Ulrich R\u00fcger","description":"Lebe in Dresden und bin als Cellist, Arrangeur und Herausgeber t\u00e4tig. In verschiedenen Besetzungen spiele ich Cello. Vor allem im Dresdner Streichquartett Tangente Quattro, im Duo Serpeddi (Klavier &amp; Cello), sowie im Tecchler Duo und im Karalis Cello Quartett. Mit Musikedition und dem Arrangieren besch\u00e4ftige ich mich \u00fcber 20 Jahre. Die meisten Editionen entstanden f\u00fcr Konzertprojekte eigener Ensemble oder im Auftrag f\u00fcr Konzerte oder CD-Produktionen.","url":"https:\/\/urrueger.com\/?author=1"}]}},"_links":{"self":[{"href":"https:\/\/urrueger.com\/index.php?rest_route=\/wp\/v2\/posts\/652","targetHints":{"allow":["GET"]}}],"collection":[{"href":"https:\/\/urrueger.com\/index.php?rest_route=\/wp\/v2\/posts"}],"about":[{"href":"https:\/\/urrueger.com\/index.php?rest_route=\/wp\/v2\/types\/post"}],"author":[{"embeddable":true,"href":"https:\/\/urrueger.com\/index.php?rest_route=\/wp\/v2\/users\/1"}],"replies":[{"embeddable":true,"href":"https:\/\/urrueger.com\/index.php?rest_route=%2Fwp%2Fv2%2Fcomments&post=652"}],"version-history":[{"count":6,"href":"https:\/\/urrueger.com\/index.php?rest_route=\/wp\/v2\/posts\/652\/revisions"}],"predecessor-version":[{"id":1074,"href":"https:\/\/urrueger.com\/index.php?rest_route=\/wp\/v2\/posts\/652\/revisions\/1074"}],"wp:featuredmedia":[{"embeddable":true,"href":"https:\/\/urrueger.com\/index.php?rest_route=\/wp\/v2\/media\/654"}],"wp:attachment":[{"href":"https:\/\/urrueger.com\/index.php?rest_route=%2Fwp%2Fv2%2Fmedia&parent=652"}],"wp:term":[{"taxonomy":"category","embeddable":true,"href":"https:\/\/urrueger.com\/index.php?rest_route=%2Fwp%2Fv2%2Fcategories&post=652"},{"taxonomy":"post_tag","embeddable":true,"href":"https:\/\/urrueger.com\/index.php?rest_route=%2Fwp%2Fv2%2Ftags&post=652"}],"curies":[{"name":"wp","href":"https:\/\/api.w.org\/{rel}","templated":true}]}}