{"id":147,"date":"2007-03-07T12:45:42","date_gmt":"2007-03-07T12:45:42","guid":{"rendered":"http:\/\/www.ulrichrueger.de\/?p=147"},"modified":"2020-01-15T13:40:08","modified_gmt":"2020-01-15T13:40:08","slug":"bach-ich-ruf-zu-dir-herr-jesu-christ","status":"publish","type":"post","link":"https:\/\/urrueger.com\/?p=147","title":{"rendered":"Bach: Ich ruf&#8216; zu dir Herr Jesu Christ"},"content":{"rendered":"<p><strong>Bach, Johann Sebastian (1685 &#8211; 1750)<\/strong><\/p>\n<p>Choralvorspiel &#8222;Ich ruf&#8216; zu dir Herr Jesu Christ\u00a0&#8220;<br \/>\nf\u00fcr Klavier und Violoncello \/\/ Streichtrio \/\/ Cellotrio \/\/ Celloquartett<\/p>\n<p><strong>Besetzung: <\/strong>Klavier und Violoncello \/\/ Violine, Viola, Violoncello \/\/ Drei Violoncelli \/\/ Vier Violoncelli<br \/>\n<strong>Ausgabe: <\/strong>Klavierpartitur, Stimme (Vc) \/\/ Spielpartitur, Stimmen (V1, Va, Vc) \/\/ Spielpartitur, Stimmen (Vc1, Vc2, Vc3) \/\/\u00a0Spielpartitur, Stimmen (Vc1, Vc2, Vc3, Vc4)<br \/>\n<strong>Arrangeur:\u00a0<\/strong>Ulrich R\u00fcger<br \/>\n<strong>Datum: <\/strong>15. Januar 2008 \/\/ 7. April 2015 \/\/ 7. M\u00e4rz 2007<\/p>\n","protected":false},"excerpt":{"rendered":"<p>Bach, Johann Sebastian (1685 &#8211; 1750)<\/p>\n<p>Choralvorspiel &#8222;Ich ruf&#8216; zu dir Herr Jesu Christ &#8220;<br \/>\nf\u00fcr Klavier und Violoncello, Streichtrio oder Cellotrio<\/p>\n","protected":false},"author":1,"featured_media":442,"comment_status":"closed","ping_status":"open","sticky":false,"template":"","format":"standard","meta":{"footnotes":""},"categories":[172,45,1,10,18,17,15,13,44,55,59,16,23,21,14],"tags":[31,86],"class_list":["post-147","post","type-post","status-publish","format-standard","has-post-thumbnail","hentry","category-arrangements","category-bach-j-s","category-besetzungen","category-cello-und-klavier","category-cellotrio","category-drei-violoncelli","category-ensemble","category-instrumental","category-komponisten","category-noten","category-streichtrio","category-vier-violoncelli","category-viola","category-violine","category-violoncello","tag-bach","tag-kirchenmusik"],"yoast_head":"<!-- This site is optimized with the Yoast SEO plugin v27.1.1 - https:\/\/yoast.com\/product\/yoast-seo-wordpress\/ -->\n<title>Bach: Ich ruf&#039; zu dir Herr Jesu Christ - Ulrich R. R\u00fcger \u00b7 Dresden<\/title>\n<meta name=\"robots\" content=\"index, follow, max-snippet:-1, max-image-preview:large, max-video-preview:-1\" \/>\n<link rel=\"canonical\" href=\"https:\/\/urrueger.com\/?p=147\" \/>\n<meta property=\"og:locale\" content=\"de_DE\" \/>\n<meta property=\"og:type\" content=\"article\" \/>\n<meta property=\"og:title\" content=\"Bach: Ich ruf&#039; zu dir Herr Jesu Christ - Ulrich R. R\u00fcger \u00b7 Dresden\" \/>\n<meta property=\"og:description\" content=\"Bach, Johann Sebastian (1685 - 1750)  Choralvorspiel &quot;Ich ruf&#039; zu dir Herr Jesu Christ &quot; f\u00fcr Klavier und Violoncello, Streichtrio oder Cellotrio\" \/>\n<meta property=\"og:url\" content=\"https:\/\/urrueger.com\/?p=147\" \/>\n<meta property=\"og:site_name\" content=\"Ulrich R. R\u00fcger \u00b7 Dresden\" \/>\n<meta property=\"article:published_time\" content=\"2007-03-07T12:45:42+00:00\" \/>\n<meta property=\"article:modified_time\" content=\"2020-01-15T13:40:08+00:00\" \/>\n<meta property=\"og:image\" content=\"https:\/\/urrueger.com\/wp-content\/uploads\/2007\/03\/Bach-ich-ruf.jpg\" \/>\n\t<meta property=\"og:image:width\" content=\"707\" \/>\n\t<meta property=\"og:image:height\" content=\"1000\" \/>\n\t<meta property=\"og:image:type\" content=\"image\/jpeg\" \/>\n<meta name=\"author\" content=\"Ulrich R\u00fcger\" \/>\n<meta name=\"twitter:card\" content=\"summary_large_image\" \/>\n<meta name=\"twitter:label1\" content=\"Verfasst von\" \/>\n\t<meta name=\"twitter:data1\" content=\"Ulrich R\u00fcger\" \/>\n<script type=\"application\/ld+json\" class=\"yoast-schema-graph\">{\"@context\":\"https:\/\/schema.org\",\"@graph\":[{\"@type\":\"Article\",\"@id\":\"https:\/\/urrueger.com\/?p=147#article\",\"isPartOf\":{\"@id\":\"https:\/\/urrueger.com\/?p=147\"},\"author\":{\"name\":\"Ulrich R\u00fcger\",\"@id\":\"https:\/\/urrueger.com\/#\/schema\/person\/7a07aa2c9c491f066367aff730f6b5d6\"},\"headline\":\"Bach: Ich ruf&#8216; zu dir Herr Jesu Christ\",\"datePublished\":\"2007-03-07T12:45:42+00:00\",\"dateModified\":\"2020-01-15T13:40:08+00:00\",\"mainEntityOfPage\":{\"@id\":\"https:\/\/urrueger.com\/?p=147\"},\"wordCount\":68,\"image\":{\"@id\":\"https:\/\/urrueger.com\/?p=147#primaryimage\"},\"thumbnailUrl\":\"https:\/\/urrueger.com\/wp-content\/uploads\/2007\/03\/Bach-ich-ruf.jpg\",\"keywords\":[\"Bach\",\"Kirchenmusik\"],\"articleSection\":[\"Arrangements\",\"Bach, J. S.\",\"Besetzungen\",\"Cello und Klavier\",\"Cellotrio\",\"Drei Violoncelli\",\"Ensemble\",\"Instrumental\",\"Komponisten\",\"Noten\",\"Streichtrio\",\"Vier Violoncelli\",\"Viola\",\"Violine\",\"Violoncello\"],\"inLanguage\":\"de\"},{\"@type\":\"WebPage\",\"@id\":\"https:\/\/urrueger.com\/?p=147\",\"url\":\"https:\/\/urrueger.com\/?p=147\",\"name\":\"Bach: Ich ruf' zu dir Herr Jesu Christ - Ulrich R. R\u00fcger \u00b7 Dresden\",\"isPartOf\":{\"@id\":\"https:\/\/urrueger.com\/#website\"},\"primaryImageOfPage\":{\"@id\":\"https:\/\/urrueger.com\/?p=147#primaryimage\"},\"image\":{\"@id\":\"https:\/\/urrueger.com\/?p=147#primaryimage\"},\"thumbnailUrl\":\"https:\/\/urrueger.com\/wp-content\/uploads\/2007\/03\/Bach-ich-ruf.jpg\",\"datePublished\":\"2007-03-07T12:45:42+00:00\",\"dateModified\":\"2020-01-15T13:40:08+00:00\",\"author\":{\"@id\":\"https:\/\/urrueger.com\/#\/schema\/person\/7a07aa2c9c491f066367aff730f6b5d6\"},\"breadcrumb\":{\"@id\":\"https:\/\/urrueger.com\/?p=147#breadcrumb\"},\"inLanguage\":\"de\",\"potentialAction\":[{\"@type\":\"ReadAction\",\"target\":[\"https:\/\/urrueger.com\/?p=147\"]}]},{\"@type\":\"ImageObject\",\"inLanguage\":\"de\",\"@id\":\"https:\/\/urrueger.com\/?p=147#primaryimage\",\"url\":\"https:\/\/urrueger.com\/wp-content\/uploads\/2007\/03\/Bach-ich-ruf.jpg\",\"contentUrl\":\"https:\/\/urrueger.com\/wp-content\/uploads\/2007\/03\/Bach-ich-ruf.jpg\",\"width\":707,\"height\":1000},{\"@type\":\"BreadcrumbList\",\"@id\":\"https:\/\/urrueger.com\/?p=147#breadcrumb\",\"itemListElement\":[{\"@type\":\"ListItem\",\"position\":1,\"name\":\"Home\",\"item\":\"https:\/\/urrueger.com\/\"},{\"@type\":\"ListItem\",\"position\":2,\"name\":\"Bach: Ich ruf&#8216; zu dir Herr Jesu Christ\"}]},{\"@type\":\"WebSite\",\"@id\":\"https:\/\/urrueger.com\/#website\",\"url\":\"https:\/\/urrueger.com\/\",\"name\":\"Ulrich R. R\u00fcger \u00b7 Dresden\",\"description\":\"Noten \u00b7 Urtexte, Erstausgaben und Arrangements\",\"potentialAction\":[{\"@type\":\"SearchAction\",\"target\":{\"@type\":\"EntryPoint\",\"urlTemplate\":\"https:\/\/urrueger.com\/?s={search_term_string}\"},\"query-input\":{\"@type\":\"PropertyValueSpecification\",\"valueRequired\":true,\"valueName\":\"search_term_string\"}}],\"inLanguage\":\"de\"},{\"@type\":\"Person\",\"@id\":\"https:\/\/urrueger.com\/#\/schema\/person\/7a07aa2c9c491f066367aff730f6b5d6\",\"name\":\"Ulrich R\u00fcger\",\"description\":\"Lebe in Dresden und bin als Cellist, Arrangeur und Herausgeber t\u00e4tig. In verschiedenen Besetzungen spiele ich Cello. Vor allem im Dresdner Streichquartett Tangente Quattro, im Duo Serpeddi (Klavier &amp; Cello), sowie im Tecchler Duo und im Karalis Cello Quartett. Mit Musikedition und dem Arrangieren besch\u00e4ftige ich mich \u00fcber 20 Jahre. Die meisten Editionen entstanden f\u00fcr Konzertprojekte eigener Ensemble oder im Auftrag f\u00fcr Konzerte oder CD-Produktionen.\",\"url\":\"https:\/\/urrueger.com\/?author=1\"}]}<\/script>\n<!-- \/ Yoast SEO plugin. -->","yoast_head_json":{"title":"Bach: Ich ruf' zu dir Herr Jesu Christ - Ulrich R. R\u00fcger \u00b7 Dresden","robots":{"index":"index","follow":"follow","max-snippet":"max-snippet:-1","max-image-preview":"max-image-preview:large","max-video-preview":"max-video-preview:-1"},"canonical":"https:\/\/urrueger.com\/?p=147","og_locale":"de_DE","og_type":"article","og_title":"Bach: Ich ruf' zu dir Herr Jesu Christ - Ulrich R. R\u00fcger \u00b7 Dresden","og_description":"Bach, Johann Sebastian (1685 - 1750)  Choralvorspiel \"Ich ruf' zu dir Herr Jesu Christ \" f\u00fcr Klavier und Violoncello, Streichtrio oder Cellotrio","og_url":"https:\/\/urrueger.com\/?p=147","og_site_name":"Ulrich R. R\u00fcger \u00b7 Dresden","article_published_time":"2007-03-07T12:45:42+00:00","article_modified_time":"2020-01-15T13:40:08+00:00","og_image":[{"width":707,"height":1000,"url":"https:\/\/urrueger.com\/wp-content\/uploads\/2007\/03\/Bach-ich-ruf.jpg","type":"image\/jpeg"}],"author":"Ulrich R\u00fcger","twitter_card":"summary_large_image","twitter_misc":{"Verfasst von":"Ulrich R\u00fcger"},"schema":{"@context":"https:\/\/schema.org","@graph":[{"@type":"Article","@id":"https:\/\/urrueger.com\/?p=147#article","isPartOf":{"@id":"https:\/\/urrueger.com\/?p=147"},"author":{"name":"Ulrich R\u00fcger","@id":"https:\/\/urrueger.com\/#\/schema\/person\/7a07aa2c9c491f066367aff730f6b5d6"},"headline":"Bach: Ich ruf&#8216; zu dir Herr Jesu Christ","datePublished":"2007-03-07T12:45:42+00:00","dateModified":"2020-01-15T13:40:08+00:00","mainEntityOfPage":{"@id":"https:\/\/urrueger.com\/?p=147"},"wordCount":68,"image":{"@id":"https:\/\/urrueger.com\/?p=147#primaryimage"},"thumbnailUrl":"https:\/\/urrueger.com\/wp-content\/uploads\/2007\/03\/Bach-ich-ruf.jpg","keywords":["Bach","Kirchenmusik"],"articleSection":["Arrangements","Bach, J. S.","Besetzungen","Cello und Klavier","Cellotrio","Drei Violoncelli","Ensemble","Instrumental","Komponisten","Noten","Streichtrio","Vier Violoncelli","Viola","Violine","Violoncello"],"inLanguage":"de"},{"@type":"WebPage","@id":"https:\/\/urrueger.com\/?p=147","url":"https:\/\/urrueger.com\/?p=147","name":"Bach: Ich ruf' zu dir Herr Jesu Christ - Ulrich R. R\u00fcger \u00b7 Dresden","isPartOf":{"@id":"https:\/\/urrueger.com\/#website"},"primaryImageOfPage":{"@id":"https:\/\/urrueger.com\/?p=147#primaryimage"},"image":{"@id":"https:\/\/urrueger.com\/?p=147#primaryimage"},"thumbnailUrl":"https:\/\/urrueger.com\/wp-content\/uploads\/2007\/03\/Bach-ich-ruf.jpg","datePublished":"2007-03-07T12:45:42+00:00","dateModified":"2020-01-15T13:40:08+00:00","author":{"@id":"https:\/\/urrueger.com\/#\/schema\/person\/7a07aa2c9c491f066367aff730f6b5d6"},"breadcrumb":{"@id":"https:\/\/urrueger.com\/?p=147#breadcrumb"},"inLanguage":"de","potentialAction":[{"@type":"ReadAction","target":["https:\/\/urrueger.com\/?p=147"]}]},{"@type":"ImageObject","inLanguage":"de","@id":"https:\/\/urrueger.com\/?p=147#primaryimage","url":"https:\/\/urrueger.com\/wp-content\/uploads\/2007\/03\/Bach-ich-ruf.jpg","contentUrl":"https:\/\/urrueger.com\/wp-content\/uploads\/2007\/03\/Bach-ich-ruf.jpg","width":707,"height":1000},{"@type":"BreadcrumbList","@id":"https:\/\/urrueger.com\/?p=147#breadcrumb","itemListElement":[{"@type":"ListItem","position":1,"name":"Home","item":"https:\/\/urrueger.com\/"},{"@type":"ListItem","position":2,"name":"Bach: Ich ruf&#8216; zu dir Herr Jesu Christ"}]},{"@type":"WebSite","@id":"https:\/\/urrueger.com\/#website","url":"https:\/\/urrueger.com\/","name":"Ulrich R. R\u00fcger \u00b7 Dresden","description":"Noten \u00b7 Urtexte, Erstausgaben und Arrangements","potentialAction":[{"@type":"SearchAction","target":{"@type":"EntryPoint","urlTemplate":"https:\/\/urrueger.com\/?s={search_term_string}"},"query-input":{"@type":"PropertyValueSpecification","valueRequired":true,"valueName":"search_term_string"}}],"inLanguage":"de"},{"@type":"Person","@id":"https:\/\/urrueger.com\/#\/schema\/person\/7a07aa2c9c491f066367aff730f6b5d6","name":"Ulrich R\u00fcger","description":"Lebe in Dresden und bin als Cellist, Arrangeur und Herausgeber t\u00e4tig. In verschiedenen Besetzungen spiele ich Cello. Vor allem im Dresdner Streichquartett Tangente Quattro, im Duo Serpeddi (Klavier &amp; Cello), sowie im Tecchler Duo und im Karalis Cello Quartett. Mit Musikedition und dem Arrangieren besch\u00e4ftige ich mich \u00fcber 20 Jahre. Die meisten Editionen entstanden f\u00fcr Konzertprojekte eigener Ensemble oder im Auftrag f\u00fcr Konzerte oder CD-Produktionen.","url":"https:\/\/urrueger.com\/?author=1"}]}},"_links":{"self":[{"href":"https:\/\/urrueger.com\/index.php?rest_route=\/wp\/v2\/posts\/147","targetHints":{"allow":["GET"]}}],"collection":[{"href":"https:\/\/urrueger.com\/index.php?rest_route=\/wp\/v2\/posts"}],"about":[{"href":"https:\/\/urrueger.com\/index.php?rest_route=\/wp\/v2\/types\/post"}],"author":[{"embeddable":true,"href":"https:\/\/urrueger.com\/index.php?rest_route=\/wp\/v2\/users\/1"}],"replies":[{"embeddable":true,"href":"https:\/\/urrueger.com\/index.php?rest_route=%2Fwp%2Fv2%2Fcomments&post=147"}],"version-history":[{"count":27,"href":"https:\/\/urrueger.com\/index.php?rest_route=\/wp\/v2\/posts\/147\/revisions"}],"predecessor-version":[{"id":1085,"href":"https:\/\/urrueger.com\/index.php?rest_route=\/wp\/v2\/posts\/147\/revisions\/1085"}],"wp:featuredmedia":[{"embeddable":true,"href":"https:\/\/urrueger.com\/index.php?rest_route=\/wp\/v2\/media\/442"}],"wp:attachment":[{"href":"https:\/\/urrueger.com\/index.php?rest_route=%2Fwp%2Fv2%2Fmedia&parent=147"}],"wp:term":[{"taxonomy":"category","embeddable":true,"href":"https:\/\/urrueger.com\/index.php?rest_route=%2Fwp%2Fv2%2Fcategories&post=147"},{"taxonomy":"post_tag","embeddable":true,"href":"https:\/\/urrueger.com\/index.php?rest_route=%2Fwp%2Fv2%2Ftags&post=147"}],"curies":[{"name":"wp","href":"https:\/\/api.w.org\/{rel}","templated":true}]}}