{"id":129,"date":"1999-06-15T11:48:13","date_gmt":"1999-06-15T11:48:13","guid":{"rendered":"http:\/\/www.ulrichrueger.de\/?p=129"},"modified":"2019-02-05T09:05:28","modified_gmt":"2019-02-05T09:05:28","slug":"vivaldi-sonata-g-moll-rv-74","status":"publish","type":"post","link":"https:\/\/urrueger.com\/?p=129","title":{"rendered":"Vivaldi: Sonata g-Moll (RV 74)"},"content":{"rendered":"<p><strong>Vivaldi, Antonio (1678-1741)<br \/>\n<\/strong>Sonata g-Moll (RV 74)<br \/>\nf\u00fcr zwei Violinen und Basso<\/p>\n<p><strong>Besetzung:<\/strong>\u00a0Violine 1, Violine 2, Basso<br \/>\n<strong>Ausgabe:\u00a0<\/strong>Partitur, Stimmen (Vl 1, Vl 2, Bc)<br \/>\n<strong>Herausgeber:\u00a0<\/strong>Ulrich R\u00fcger<br \/>\n<strong>Datum:\u00a0<\/strong>Juni 1999<br \/>\n<strong>Copyright:\u00a0<\/strong>\u00a9 1999 Ulrich R. R\u00fcger, Dresden<\/p>\n<p>Die Echtheit der vorliegenden vivaldischen Sonata g-Moll kann nicht eindeutig bewiesen werden. \u00dcber die Existenz des Autographs ist leider nichts bekannt. Uns liegt lediglich eine sich in schlechtem Zustand befindliche und von unbekannter Hand angefertigte Abschrift, welche etliche Fehler aufweist, vor. Sie geh\u00f6rt zum Bestand der Universit\u00e4tsbibliothek Lund (Schweden). Der einzige Hinweis auf die Autorschaft Vivaldis ist neben stilistischen Beobachtungen der Vermerk auf der Quelle &#8222;Del. Sign. Vivaldi&#8220;. Deshalb mu\u00df die Frage der eindeutigen Autorschaft somit offen bleiben. M\u00f6glicherweise kann die Forschung in der Zukunft f\u00fcr Klarheit sorgen.<\/p>\n<p>Stilistisch verk\u00f6rpert die Sonata den Ende des 17. Jhds. herausgebildeten Typus der viers\u00e4tzigen Kirchensonate (sonata da chiesa) mit der Folge (langsam, gravit\u00e4tisch, imitatorisch &#8211; schnell, fugiert &#8211; langsam, kantabel, homophon &#8211; schnell, fugiert).<\/p>\n","protected":false},"excerpt":{"rendered":"<p>Vivaldi, Antonio (1678-1741) Sonata g-Moll (RV 74) f\u00fcr zwei Violinen und Basso Besetzung:\u00a0Violine 1, Violine 2, Basso Ausgabe:\u00a0Partitur, Stimmen (Vl 1, Vl [&hellip;]<\/p>\n","protected":false},"author":1,"featured_media":132,"comment_status":"closed","ping_status":"open","sticky":false,"template":"","format":"standard","meta":{"footnotes":""},"categories":[1,15,13,44,55,21,47,29],"tags":[30],"class_list":["post-129","post","type-post","status-publish","format-standard","has-post-thumbnail","hentry","category-besetzungen","category-ensemble","category-instrumental","category-komponisten","category-noten","category-violine","category-vivaldi-a","category-zwei-violinen-und-b-c","tag-vivaldi"],"yoast_head":"<!-- This site is optimized with the Yoast SEO plugin v27.1.1 - https:\/\/yoast.com\/product\/yoast-seo-wordpress\/ -->\n<title>Vivaldi: Sonata g-Moll (RV 74) - Ulrich R. R\u00fcger \u00b7 Dresden<\/title>\n<meta name=\"robots\" content=\"index, follow, max-snippet:-1, max-image-preview:large, max-video-preview:-1\" \/>\n<link rel=\"canonical\" href=\"https:\/\/urrueger.com\/?p=129\" \/>\n<meta property=\"og:locale\" content=\"de_DE\" \/>\n<meta property=\"og:type\" content=\"article\" \/>\n<meta property=\"og:title\" content=\"Vivaldi: Sonata g-Moll (RV 74) - Ulrich R. R\u00fcger \u00b7 Dresden\" \/>\n<meta property=\"og:description\" content=\"Vivaldi, Antonio (1678-1741) Sonata g-Moll (RV 74) f\u00fcr zwei Violinen und Basso Besetzung:\u00a0Violine 1, Violine 2, Basso Ausgabe:\u00a0Partitur, Stimmen (Vl 1, Vl [&hellip;]\" \/>\n<meta property=\"og:url\" content=\"https:\/\/urrueger.com\/?p=129\" \/>\n<meta property=\"og:site_name\" content=\"Ulrich R. R\u00fcger \u00b7 Dresden\" \/>\n<meta property=\"article:published_time\" content=\"1999-06-15T11:48:13+00:00\" \/>\n<meta property=\"article:modified_time\" content=\"2019-02-05T09:05:28+00:00\" \/>\n<meta property=\"og:image\" content=\"https:\/\/urrueger.com\/wp-content\/uploads\/1999\/06\/2_Vivaldi-Cover1.jpg\" \/>\n\t<meta property=\"og:image:width\" content=\"495\" \/>\n\t<meta property=\"og:image:height\" content=\"700\" \/>\n\t<meta property=\"og:image:type\" content=\"image\/jpeg\" \/>\n<meta name=\"author\" content=\"Ulrich R\u00fcger\" \/>\n<meta name=\"twitter:card\" content=\"summary_large_image\" \/>\n<meta name=\"twitter:label1\" content=\"Verfasst von\" \/>\n\t<meta name=\"twitter:data1\" content=\"Ulrich R\u00fcger\" \/>\n\t<meta name=\"twitter:label2\" content=\"Gesch\u00e4tzte Lesezeit\" \/>\n\t<meta name=\"twitter:data2\" content=\"1\u00a0Minute\" \/>\n<script type=\"application\/ld+json\" class=\"yoast-schema-graph\">{\"@context\":\"https:\/\/schema.org\",\"@graph\":[{\"@type\":\"Article\",\"@id\":\"https:\/\/urrueger.com\/?p=129#article\",\"isPartOf\":{\"@id\":\"https:\/\/urrueger.com\/?p=129\"},\"author\":{\"name\":\"Ulrich R\u00fcger\",\"@id\":\"https:\/\/urrueger.com\/#\/schema\/person\/7a07aa2c9c491f066367aff730f6b5d6\"},\"headline\":\"Vivaldi: Sonata g-Moll (RV 74)\",\"datePublished\":\"1999-06-15T11:48:13+00:00\",\"dateModified\":\"2019-02-05T09:05:28+00:00\",\"mainEntityOfPage\":{\"@id\":\"https:\/\/urrueger.com\/?p=129\"},\"wordCount\":165,\"image\":{\"@id\":\"https:\/\/urrueger.com\/?p=129#primaryimage\"},\"thumbnailUrl\":\"https:\/\/urrueger.com\/wp-content\/uploads\/1999\/06\/2_Vivaldi-Cover1.jpg\",\"keywords\":[\"Vivaldi\"],\"articleSection\":[\"Besetzungen\",\"Ensemble\",\"Instrumental\",\"Komponisten\",\"Noten\",\"Violine\",\"Vivaldi, A.\",\"Zwei Violinen und B.c.\"],\"inLanguage\":\"de\"},{\"@type\":\"WebPage\",\"@id\":\"https:\/\/urrueger.com\/?p=129\",\"url\":\"https:\/\/urrueger.com\/?p=129\",\"name\":\"Vivaldi: Sonata g-Moll (RV 74) - Ulrich R. R\u00fcger \u00b7 Dresden\",\"isPartOf\":{\"@id\":\"https:\/\/urrueger.com\/#website\"},\"primaryImageOfPage\":{\"@id\":\"https:\/\/urrueger.com\/?p=129#primaryimage\"},\"image\":{\"@id\":\"https:\/\/urrueger.com\/?p=129#primaryimage\"},\"thumbnailUrl\":\"https:\/\/urrueger.com\/wp-content\/uploads\/1999\/06\/2_Vivaldi-Cover1.jpg\",\"datePublished\":\"1999-06-15T11:48:13+00:00\",\"dateModified\":\"2019-02-05T09:05:28+00:00\",\"author\":{\"@id\":\"https:\/\/urrueger.com\/#\/schema\/person\/7a07aa2c9c491f066367aff730f6b5d6\"},\"breadcrumb\":{\"@id\":\"https:\/\/urrueger.com\/?p=129#breadcrumb\"},\"inLanguage\":\"de\",\"potentialAction\":[{\"@type\":\"ReadAction\",\"target\":[\"https:\/\/urrueger.com\/?p=129\"]}]},{\"@type\":\"ImageObject\",\"inLanguage\":\"de\",\"@id\":\"https:\/\/urrueger.com\/?p=129#primaryimage\",\"url\":\"https:\/\/urrueger.com\/wp-content\/uploads\/1999\/06\/2_Vivaldi-Cover1.jpg\",\"contentUrl\":\"https:\/\/urrueger.com\/wp-content\/uploads\/1999\/06\/2_Vivaldi-Cover1.jpg\",\"width\":495,\"height\":700},{\"@type\":\"BreadcrumbList\",\"@id\":\"https:\/\/urrueger.com\/?p=129#breadcrumb\",\"itemListElement\":[{\"@type\":\"ListItem\",\"position\":1,\"name\":\"Home\",\"item\":\"https:\/\/urrueger.com\/\"},{\"@type\":\"ListItem\",\"position\":2,\"name\":\"Vivaldi: Sonata g-Moll (RV 74)\"}]},{\"@type\":\"WebSite\",\"@id\":\"https:\/\/urrueger.com\/#website\",\"url\":\"https:\/\/urrueger.com\/\",\"name\":\"Ulrich R. R\u00fcger \u00b7 Dresden\",\"description\":\"Noten \u00b7 Urtexte, Erstausgaben und Arrangements\",\"potentialAction\":[{\"@type\":\"SearchAction\",\"target\":{\"@type\":\"EntryPoint\",\"urlTemplate\":\"https:\/\/urrueger.com\/?s={search_term_string}\"},\"query-input\":{\"@type\":\"PropertyValueSpecification\",\"valueRequired\":true,\"valueName\":\"search_term_string\"}}],\"inLanguage\":\"de\"},{\"@type\":\"Person\",\"@id\":\"https:\/\/urrueger.com\/#\/schema\/person\/7a07aa2c9c491f066367aff730f6b5d6\",\"name\":\"Ulrich R\u00fcger\",\"description\":\"Lebe in Dresden und bin als Cellist, Arrangeur und Herausgeber t\u00e4tig. In verschiedenen Besetzungen spiele ich Cello. Vor allem im Dresdner Streichquartett Tangente Quattro, im Duo Serpeddi (Klavier &amp; Cello), sowie im Tecchler Duo und im Karalis Cello Quartett. Mit Musikedition und dem Arrangieren besch\u00e4ftige ich mich \u00fcber 20 Jahre. Die meisten Editionen entstanden f\u00fcr Konzertprojekte eigener Ensemble oder im Auftrag f\u00fcr Konzerte oder CD-Produktionen.\",\"url\":\"https:\/\/urrueger.com\/?author=1\"}]}<\/script>\n<!-- \/ Yoast SEO plugin. -->","yoast_head_json":{"title":"Vivaldi: Sonata g-Moll (RV 74) - Ulrich R. R\u00fcger \u00b7 Dresden","robots":{"index":"index","follow":"follow","max-snippet":"max-snippet:-1","max-image-preview":"max-image-preview:large","max-video-preview":"max-video-preview:-1"},"canonical":"https:\/\/urrueger.com\/?p=129","og_locale":"de_DE","og_type":"article","og_title":"Vivaldi: Sonata g-Moll (RV 74) - Ulrich R. R\u00fcger \u00b7 Dresden","og_description":"Vivaldi, Antonio (1678-1741) Sonata g-Moll (RV 74) f\u00fcr zwei Violinen und Basso Besetzung:\u00a0Violine 1, Violine 2, Basso Ausgabe:\u00a0Partitur, Stimmen (Vl 1, Vl [&hellip;]","og_url":"https:\/\/urrueger.com\/?p=129","og_site_name":"Ulrich R. R\u00fcger \u00b7 Dresden","article_published_time":"1999-06-15T11:48:13+00:00","article_modified_time":"2019-02-05T09:05:28+00:00","og_image":[{"width":495,"height":700,"url":"https:\/\/urrueger.com\/wp-content\/uploads\/1999\/06\/2_Vivaldi-Cover1.jpg","type":"image\/jpeg"}],"author":"Ulrich R\u00fcger","twitter_card":"summary_large_image","twitter_misc":{"Verfasst von":"Ulrich R\u00fcger","Gesch\u00e4tzte Lesezeit":"1\u00a0Minute"},"schema":{"@context":"https:\/\/schema.org","@graph":[{"@type":"Article","@id":"https:\/\/urrueger.com\/?p=129#article","isPartOf":{"@id":"https:\/\/urrueger.com\/?p=129"},"author":{"name":"Ulrich R\u00fcger","@id":"https:\/\/urrueger.com\/#\/schema\/person\/7a07aa2c9c491f066367aff730f6b5d6"},"headline":"Vivaldi: Sonata g-Moll (RV 74)","datePublished":"1999-06-15T11:48:13+00:00","dateModified":"2019-02-05T09:05:28+00:00","mainEntityOfPage":{"@id":"https:\/\/urrueger.com\/?p=129"},"wordCount":165,"image":{"@id":"https:\/\/urrueger.com\/?p=129#primaryimage"},"thumbnailUrl":"https:\/\/urrueger.com\/wp-content\/uploads\/1999\/06\/2_Vivaldi-Cover1.jpg","keywords":["Vivaldi"],"articleSection":["Besetzungen","Ensemble","Instrumental","Komponisten","Noten","Violine","Vivaldi, A.","Zwei Violinen und B.c."],"inLanguage":"de"},{"@type":"WebPage","@id":"https:\/\/urrueger.com\/?p=129","url":"https:\/\/urrueger.com\/?p=129","name":"Vivaldi: Sonata g-Moll (RV 74) - Ulrich R. R\u00fcger \u00b7 Dresden","isPartOf":{"@id":"https:\/\/urrueger.com\/#website"},"primaryImageOfPage":{"@id":"https:\/\/urrueger.com\/?p=129#primaryimage"},"image":{"@id":"https:\/\/urrueger.com\/?p=129#primaryimage"},"thumbnailUrl":"https:\/\/urrueger.com\/wp-content\/uploads\/1999\/06\/2_Vivaldi-Cover1.jpg","datePublished":"1999-06-15T11:48:13+00:00","dateModified":"2019-02-05T09:05:28+00:00","author":{"@id":"https:\/\/urrueger.com\/#\/schema\/person\/7a07aa2c9c491f066367aff730f6b5d6"},"breadcrumb":{"@id":"https:\/\/urrueger.com\/?p=129#breadcrumb"},"inLanguage":"de","potentialAction":[{"@type":"ReadAction","target":["https:\/\/urrueger.com\/?p=129"]}]},{"@type":"ImageObject","inLanguage":"de","@id":"https:\/\/urrueger.com\/?p=129#primaryimage","url":"https:\/\/urrueger.com\/wp-content\/uploads\/1999\/06\/2_Vivaldi-Cover1.jpg","contentUrl":"https:\/\/urrueger.com\/wp-content\/uploads\/1999\/06\/2_Vivaldi-Cover1.jpg","width":495,"height":700},{"@type":"BreadcrumbList","@id":"https:\/\/urrueger.com\/?p=129#breadcrumb","itemListElement":[{"@type":"ListItem","position":1,"name":"Home","item":"https:\/\/urrueger.com\/"},{"@type":"ListItem","position":2,"name":"Vivaldi: Sonata g-Moll (RV 74)"}]},{"@type":"WebSite","@id":"https:\/\/urrueger.com\/#website","url":"https:\/\/urrueger.com\/","name":"Ulrich R. R\u00fcger \u00b7 Dresden","description":"Noten \u00b7 Urtexte, Erstausgaben und Arrangements","potentialAction":[{"@type":"SearchAction","target":{"@type":"EntryPoint","urlTemplate":"https:\/\/urrueger.com\/?s={search_term_string}"},"query-input":{"@type":"PropertyValueSpecification","valueRequired":true,"valueName":"search_term_string"}}],"inLanguage":"de"},{"@type":"Person","@id":"https:\/\/urrueger.com\/#\/schema\/person\/7a07aa2c9c491f066367aff730f6b5d6","name":"Ulrich R\u00fcger","description":"Lebe in Dresden und bin als Cellist, Arrangeur und Herausgeber t\u00e4tig. In verschiedenen Besetzungen spiele ich Cello. Vor allem im Dresdner Streichquartett Tangente Quattro, im Duo Serpeddi (Klavier &amp; Cello), sowie im Tecchler Duo und im Karalis Cello Quartett. Mit Musikedition und dem Arrangieren besch\u00e4ftige ich mich \u00fcber 20 Jahre. Die meisten Editionen entstanden f\u00fcr Konzertprojekte eigener Ensemble oder im Auftrag f\u00fcr Konzerte oder CD-Produktionen.","url":"https:\/\/urrueger.com\/?author=1"}]}},"_links":{"self":[{"href":"https:\/\/urrueger.com\/index.php?rest_route=\/wp\/v2\/posts\/129","targetHints":{"allow":["GET"]}}],"collection":[{"href":"https:\/\/urrueger.com\/index.php?rest_route=\/wp\/v2\/posts"}],"about":[{"href":"https:\/\/urrueger.com\/index.php?rest_route=\/wp\/v2\/types\/post"}],"author":[{"embeddable":true,"href":"https:\/\/urrueger.com\/index.php?rest_route=\/wp\/v2\/users\/1"}],"replies":[{"embeddable":true,"href":"https:\/\/urrueger.com\/index.php?rest_route=%2Fwp%2Fv2%2Fcomments&post=129"}],"version-history":[{"count":17,"href":"https:\/\/urrueger.com\/index.php?rest_route=\/wp\/v2\/posts\/129\/revisions"}],"predecessor-version":[{"id":1220,"href":"https:\/\/urrueger.com\/index.php?rest_route=\/wp\/v2\/posts\/129\/revisions\/1220"}],"wp:featuredmedia":[{"embeddable":true,"href":"https:\/\/urrueger.com\/index.php?rest_route=\/wp\/v2\/media\/132"}],"wp:attachment":[{"href":"https:\/\/urrueger.com\/index.php?rest_route=%2Fwp%2Fv2%2Fmedia&parent=129"}],"wp:term":[{"taxonomy":"category","embeddable":true,"href":"https:\/\/urrueger.com\/index.php?rest_route=%2Fwp%2Fv2%2Fcategories&post=129"},{"taxonomy":"post_tag","embeddable":true,"href":"https:\/\/urrueger.com\/index.php?rest_route=%2Fwp%2Fv2%2Ftags&post=129"}],"curies":[{"name":"wp","href":"https:\/\/api.w.org\/{rel}","templated":true}]}}